{"id":1252,"date":"2018-06-29T12:49:50","date_gmt":"2018-06-29T12:49:50","guid":{"rendered":"https:\/\/italiancelloconsort.org\/?p=1252"},"modified":"2018-06-29T14:53:34","modified_gmt":"2018-06-29T12:53:34","slug":"corsi-estivi-di-alto-perfezionamento-2018","status":"publish","type":"post","link":"https:\/\/italiancelloconsort.org\/en\/corsi-estivi-di-alto-perfezionamento-2018\/","title":{"rendered":"Corsi Estivi di Alto Perfezionamento 2018"},"content":{"rendered":"<p>[vc_row][vc_column][vc_column_text]<\/p>\n<div class=\"wpb_text_column wpb_content_element \">\n<div class=\"vc_separator wpb_content_element vc_separator_align_center vc_sep_width_100 vc_sep_pos_align_center vc_separator_no_text vc_sep_color_grey\">\n<div class=\"vc_row wpb_row vc_row-fluid dt-default\">\n<div class=\"wpb_column vc_column_container vc_col-sm-12\">\n<div class=\"vc_column-inner \">\n<div class=\"wpb_wrapper\">\n<div class=\"wpb_text_column wpb_content_element \">\n<div class=\"wpb_wrapper\">\n<div class=\"vc_row wpb_row vc_row-fluid dt-default\">\n<div class=\"wpb_column vc_column_container vc_col-sm-12\">\n<div class=\"vc_column-inner \">\n<div class=\"wpb_wrapper\">\n<div class=\"vc_separator wpb_content_element vc_separator_align_left vc_sep_width_100 vc_sep_pos_align_center vc_sep_color_grey vc_separator-has-text\">\n<h4><\/h4>\n<h4><\/h4>\n<div class=\"vc_row wpb_row vc_row-fluid dt-default\">\n<div class=\"wpb_column vc_column_container vc_col-sm-6\">\n<div class=\"vc_column-inner \">\n<div class=\"wpb_wrapper\">\n<div class=\"wpb_text_column wpb_content_element \">\n<div class=\"wpb_wrapper\">\n<p class=\"p1\"><span class=\"s1\">I corsi estivi di alto perfezionamento, fiore all\u2019 occhiello dell\u2019 eccellenza italiana dal 1992, sono strettamente collegati al Festival Entroterre, cuore artistico pulsante dell\u2019 Emilia Romagna, realt\u00e0 che riunisce la bellezza del territorio, il recupero storico, la tradizione musicale e la diffusione della cultura per le persone.<\/span><\/p>\n<p class=\"p1\"><span class=\"s1\">Tenuti da alcuni dei migliori professionisti a livello internazionale, proiettano Bertinoro e tutta la regione sotto il riflettore degli eventi culturali pi\u00f9\u2019 qualificati e seguiti a livello mediatico e turistico.<\/span><\/p>\n<p class=\"p1\"><span class=\"s1\">Il team dei corsi di alto perfezionamento \u00e8 formato professionisti la cui finalit\u00e0 primaria \u00e8 quella di di formare al meglio coloro che saranno i musicisti del futuro, accompagnandoli in un percorso che li possa mettere in contatto con le esperienze e le tecniche di grandi musicisti di livello internazionale.<\/span><\/p>\n<p class=\"p1\"><span class=\"s1\">Grazie al fondamentale e prezioso contributo della Scuola Musicale Dante Alighieri di Bertinoro e del Centro Universitario (CEUB) gli studenti avranno l\u2019occasione di<span class=\"Apple-converted-space\">\u00a0\u00a0<\/span>suonare, studiare e vivere in un luogo di indiscussa bellezza e importanza storica, un luogo confortevole e sicuro reso tale anche dal capillare e instancabile lavoro dei responsabili e collaboratori organizzativi.<\/span><\/p>\n<p class=\"p1\"><span class=\"s1\">Connotato distintivo della filosofia dei nostri corsi \u00e8 la vicinanza e la condivisione, all\u2019 interno del Centro Universitario \u00e8 presente un teatro e gli studenti hanno libero accesso all\u2019 utilizzo di tutti gli spazi e attivit\u00e0 del Festival Entroterre in modo gratuito, dai concerti a tutti gli eventi previsti nel fitto cartellone in programma. Sempre all\u2019 interno del CEUB \u00e8 situata la mensa dove maestri e allievi condivido i pasti preparati da personale specializzato con particolare attenzione alle esigenze alimentari di ognuno.<\/span><\/p>\n<p class=\"p1\"><span class=\"s1\">Ogni angolo del CEUB \u00e8 fornito di WI-FI gratuito per i corsisti e sempre all\u2019 interno degli spazi si trovano svariati saloni e spazi per studiare e suonare insieme.<\/span><\/p>\n<p class=\"p1\"><span class=\"s1\">La Segreteria, svolge un lavoro di estrema importanza e professionalit\u00e0 seguendo tutte le esigenze degli studenti e delle loro famiglie fin dalla prima iscrizione.<\/span><\/p>\n<p class=\"p1\"><span class=\"s1\">Tutto questo rende i corsi di alto perfezionamento un\u2019 esperienza unica e indimenticabile, nell\u2019 atmosfera unica di Bertinoro, borgo medievale, Capitale dell\u2019 Accoglienza e per le sue caratteristiche paesaggistiche terrazza della Romagna.<\/span><\/p>\n<p>Il Presidente Luigi Pretolani<\/p>\n<p>il Direttore Artistico Giovanni Ricciardi<\/p>\n<\/div>\n<\/div>\n<\/div>\n<\/div>\n<\/div>\n<\/div>\n<div class=\"vc_row wpb_row vc_row-fluid dt-default\">\n<div class=\"wpb_column vc_column_container vc_col-sm-12\">\n<div class=\"vc_column-inner \">\n<div class=\"wpb_wrapper\">\n<div class=\"wpb_text_column wpb_content_element \">\n<div class=\"wpb_wrapper\">\n<div class=\"vc_row wpb_row vc_row-fluid dt-default\">\n<div class=\"wpb_column vc_column_container vc_col-sm-12\">\n<div class=\"vc_column-inner \">\n<div class=\"wpb_wrapper\">\n<div class=\"vc_separator wpb_content_element vc_separator_align_left vc_sep_width_100 vc_sep_pos_align_center vc_sep_color_grey vc_separator-has-text\">\n<h4>[I CORSI]<\/h4>\n<\/div>\n<\/div>\n<\/div>\n<\/div>\n<\/div>\n<div class=\"vc_row wpb_row vc_row-fluid dt-default\">\n<div class=\"wpb_column vc_column_container vc_col-sm-6\">\n<div class=\"vc_column-inner \">\n<div class=\"wpb_wrapper\">\n<div class=\"wpb_text_column wpb_content_element \">\n<div class=\"wpb_wrapper\">\n<h3>PIANOFORTE<\/h3>\n<h3>GRANDI INCONTRI<\/h3>\n<\/div>\n<\/div>\n<\/div>\n<\/div>\n<\/div>\n<\/div>\n<\/div>\n<\/div>\n<\/div>\n<\/div>\n<\/div>\n<\/div>\n<h4><\/h4>\n<h4><\/h4>\n<h4>[I CORSI]<\/h4>\n<\/div>\n<\/div>\n<\/div>\n<\/div>\n<\/div>\n<div class=\"vc_row wpb_row vc_row-fluid dt-default\">\n<div class=\"wpb_column vc_column_container vc_col-sm-6\">\n<div class=\"vc_column-inner \">\n<div class=\"wpb_wrapper\">\n<div class=\"wpb_text_column wpb_content_element \">\n<div class=\"wpb_wrapper\">\n<h3>PIANOFORTE<\/h3>\n<h3>GRANDI INCONTRI<\/h3>\n<h4>docente:\u00a0<a href=\"https:\/\/www.entroterrefestival.it\/2018\/01\/12\/massimiliano-damerini\/\" target=\"_blank\" rel=\"noopener\">Massimiliano Damerini<\/a><\/h4>\n<h5>20 luglio \u2013 21 luglio 2018<\/h5>\n<p><img loading=\"lazy\" decoding=\"async\" class=\"alignnone size-medium wp-image-3102\" src=\"https:\/\/www.entroterrefestival.it\/wp-content\/uploads\/2018\/01\/Damerini26-300x199.jpg\" sizes=\"(max-width: 300px) 100vw, 300px\" srcset=\"https:\/\/www.entroterrefestival.it\/wp-content\/uploads\/2018\/01\/Damerini26-300x199.jpg 300w, https:\/\/www.entroterrefestival.it\/wp-content\/uploads\/2018\/01\/Damerini26-768x510.jpg 768w, https:\/\/www.entroterrefestival.it\/wp-content\/uploads\/2018\/01\/Damerini26.jpg 960w\" alt=\"\" width=\"300\" height=\"199\" \/><\/p>\n<\/div>\n<\/div>\n<div class=\"vc_btn3-container vc_btn3-center\"><a class=\"vc_general vc_btn3 vc_btn3-size-md vc_btn3-shape-rounded vc_btn3-style-modern vc_btn3-block vc_btn3-color-mulled-wine\" title=\"\" href=\"https:\/\/www.entroterrefestival.it\/2017\/05\/04\/cedola-di-iscrizione\/\">costo del corso \u20ac 150,00 \u2013 clicca qui per compilare la Cedola d\u2019iscrizione<\/a><\/div>\n<\/div>\n<\/div>\n<\/div>\n<\/div>\n<div class=\"vc_row wpb_row vc_row-fluid dt-default\">\n<div class=\"wpb_column vc_column_container vc_col-sm-8\">\n<div class=\"vc_column-inner \">\n<div class=\"wpb_wrapper\">\n<div class=\"wpb_text_column wpb_content_element \">\n<div class=\"wpb_wrapper\">\n<h3>PIANOFORTE<\/h3>\n<h4>docente:\u00a0<a href=\"https:\/\/www.entroterrefestival.it\/2017\/07\/04\/olaf-john-laneri\/\">Olaf John Laneri<\/a><\/h4>\n<h5>23 luglio \u2013 30\u00a0luglio 2018<\/h5>\n<p><img loading=\"lazy\" decoding=\"async\" class=\"alignnone size-medium wp-image-1261\" src=\"https:\/\/www.entroterrefestival.it\/wp-content\/uploads\/2016\/06\/OLAF-JOHN-LANERI-300x200.jpg\" sizes=\"(max-width: 300px) 100vw, 300px\" srcset=\"https:\/\/www.entroterrefestival.it\/wp-content\/uploads\/2016\/06\/OLAF-JOHN-LANERI-300x200.jpg 300w, https:\/\/www.entroterrefestival.it\/wp-content\/uploads\/2016\/06\/OLAF-JOHN-LANERI-768x512.jpg 768w, https:\/\/www.entroterrefestival.it\/wp-content\/uploads\/2016\/06\/OLAF-JOHN-LANERI-1024x683.jpg 1024w\" alt=\"\" width=\"300\" height=\"200\" \/><\/p>\n<\/div>\n<\/div>\n<div class=\"vc_btn3-container vc_btn3-center\"><a class=\"vc_general vc_btn3 vc_btn3-size-md vc_btn3-shape-rounded vc_btn3-style-modern vc_btn3-block vc_btn3-color-mulled-wine\" title=\"\" href=\"https:\/\/www.entroterrefestival.it\/2017\/05\/04\/cedola-di-iscrizione\/\">costo del corso \u20ac 290,00 \u2013 clicca qui per compilare la Cedola d\u2019iscrizione<\/a><\/div>\n<div class=\"vc_separator wpb_content_element vc_separator_align_center vc_sep_width_100 vc_sep_pos_align_center vc_separator_no_text vc_sep_color_grey\"><\/div>\n<\/div>\n<\/div>\n<\/div>\n<\/div>\n<div class=\"vc_row wpb_row vc_row-fluid dt-default\">\n<div class=\"wpb_column vc_column_container vc_col-sm-8\">\n<div class=\"vc_column-inner \">\n<div class=\"wpb_wrapper\">\n<div class=\"wpb_text_column wpb_content_element \">\n<div class=\"wpb_wrapper\">\n<h3>VIOLINO<\/h3>\n<h4><a href=\"https:\/\/www.entroterrefestival.it\/2017\/05\/09\/paolo-chiavacci\/\">docente: Paolo Chiavacci<\/a><\/h4>\n<h5>23 luglio \u2013 28\u00a0luglio 2018<\/h5>\n<p><img loading=\"lazy\" decoding=\"async\" class=\"alignnone size-medium wp-image-2456\" src=\"https:\/\/www.entroterrefestival.it\/wp-content\/uploads\/2017\/11\/Chiavacci-300x200.jpg\" sizes=\"(max-width: 300px) 100vw, 300px\" srcset=\"https:\/\/www.entroterrefestival.it\/wp-content\/uploads\/2017\/11\/Chiavacci-300x200.jpg 300w, https:\/\/www.entroterrefestival.it\/wp-content\/uploads\/2017\/11\/Chiavacci-768x512.jpg 768w, https:\/\/www.entroterrefestival.it\/wp-content\/uploads\/2017\/11\/Chiavacci.jpg 990w\" alt=\"\" width=\"300\" height=\"200\" \/><\/p>\n<\/div>\n<\/div>\n<div class=\"vc_btn3-container vc_btn3-center\"><a class=\"vc_general vc_btn3 vc_btn3-size-md vc_btn3-shape-rounded vc_btn3-style-modern vc_btn3-block vc_btn3-color-mulled-wine\" title=\"\" href=\"https:\/\/www.entroterrefestival.it\/2017\/05\/04\/cedola-di-iscrizione\/\">costo del corso \u20ac 270,00 \u2013 clicca qui per compilare la Cedola d\u2019iscrizione<\/a><\/div>\n<div class=\"vc_row wpb_row vc_inner vc_row-fluid\">\n<div class=\"wpb_column vc_column_container vc_col-sm-12\">\n<div class=\"vc_column-inner \">\n<div class=\"wpb_wrapper\">\n<div class=\"vc_separator wpb_content_element vc_separator_align_center vc_sep_width_100 vc_sep_pos_align_center vc_separator_no_text vc_sep_color_grey\"><\/div>\n<div class=\"wpb_text_column wpb_content_element \">\n<div class=\"wpb_wrapper\">\n<h3>MUSICA DA CAMERA<\/h3>\n<p><strong>23 luglio \u2013 28\u00a0luglio 2018<\/strong><\/p>\n<h3>QUARTETTO FONE\u2019<\/h3>\n<p class=\"p1\"><span class=\"s1\"><b>docenti :<\/b><\/span><\/p>\n<p class=\"p1\"><span class=\"s1\"><b><a href=\"https:\/\/www.entroterrefestival.it\/2017\/12\/06\/quartetto-fone-festival-entroterre-emilia-romagna\/\">Paolo Chiavacci, Marco Facchini<\/a>\u00a0\u00a0 \u00a0 \u00a0<\/b>violini<b>\u00a0 \u00a0\u00a0<\/b><\/span><\/p>\n<p class=\"p1\"><span class=\"s1\"><b><a href=\"https:\/\/www.entroterrefestival.it\/2017\/12\/06\/quartetto-fone-festival-entroterre-emilia-romagna\/\">Chiara Foletto<\/a>\u00a0\u00a0 \u00a0 \u00a0<\/b>viola<\/span><\/p>\n<p class=\"p1\"><span class=\"s1\"><b><a href=\"https:\/\/www.entroterrefestival.it\/2017\/12\/06\/quartetto-fone-festival-entroterre-emilia-romagna\/\">Filippo Burchietti<\/a>\u00a0\u00a0 \u00a0 \u00a0<\/b>violoncello<\/span><\/p>\n<p class=\"p3\"><span class=\"s1\">L\u2019attivit\u00e0 concertistica del\u00a0<b>Quartetto Fon\u00e9<\/b>, esordisce nel 1985 con le affermazioni in vari\u00a0<b>concorsi nazionali<\/b>\u00a0(Stresa, Palmi, Trapani)\u00a0<b>e internazionali<\/b>\u00a0(\u201cG.B. Viotti\u201d di Vercelli, \u201cD. Shostakovich\u201d a San Pietroburgo).<\/span><\/p>\n<p class=\"p3\"><span class=\"s1\">Il\u00a0<b>quartetto d\u2019archi<\/b>\u00a0tiene i suoi concerti di\u00a0<b>musica da camera<\/b>\u00a0in Italia per le maggiori istituzioni concertistiche (fra le altre Milano La Scala, Torino Unione Musicale, Roma S. Cecilia, Venezia La Fenice, Firenze Amici della Musica, Napoli \u201cA. Scarlatti\u201d, Palermo Amici della Musica, Ravenna Festival) e all\u2019estero in Svizzera, Austria, Germania, Israele, Francia, Spagna, Grecia, Stati Uniti, Canada e Giappone.<\/span><\/p>\n<p class=\"p3\"><span class=\"s1\">\u00a0<\/span><\/p>\n<p class=\"p3\"><span class=\"s1\">Nell\u2019ambito dell\u2019<b>attivit\u00e0 discografica\u00a0<\/b>\u00e8 da ricordarsi il\u00a0<b>Quintetto di Schubert<\/b>\u00a0eseguito in collaborazione con\u00a0<b>Franco Rossi\u00a0<\/b>e il\u00a0<b>sestetto \u201cSouvenir de Florence\u201d di Tschaikovskij<\/b>\u00a0con Sadao Harada, violoncellista del Quartetto di Tokyo e Harald Schoneweg, membro del Quartetto Cherubini.<\/span><\/p>\n<p class=\"p3\"><span class=\"s1\">\u00a0<\/span><\/p>\n<p class=\"p4\"><span class=\"s1\"><b>COLLABORAZIONI<\/b><\/span><\/p>\n<p class=\"p3\"><span class=\"s1\">Fra gli artisti con i quali il\u00a0<b>Quartetto Fon\u00e9<\/b>\u00a0ha collaborato figurano inoltre i pianisti Carlo Bruno, Pietro De Maria, Alexander Lonquich, Benedetto Lupo, Piernarciso Masi, Hans-Jorg Schellenberger; i flautisti Giorgio Zagnoni e Peter Lukas Graf; i clarinettisti Anthony Pay e Karl Leister; il violista Danilo Rossi; il violoncellista Miclos Perenyi.<\/span><\/p>\n<p>&nbsp;<\/p>\n<p>A giudizio insindacabile dei docenti i migliori partecipanti potranno essere invitati ad esibirsi in concerti da tenersi nell\u2019 ambito del prestigioso Festival Entroterre.<\/p>\n<p><img loading=\"lazy\" decoding=\"async\" class=\"alignnone wp-image-2701 size-large\" src=\"https:\/\/www.entroterrefestival.it\/wp-content\/uploads\/2017\/12\/Quatour-Fone%CC%80-1024x326.png\" sizes=\"(max-width: 1024px) 100vw, 1024px\" srcset=\"https:\/\/www.entroterrefestival.it\/wp-content\/uploads\/2017\/12\/Quatour-Fone\u0300-1024x326.png 1024w, https:\/\/www.entroterrefestival.it\/wp-content\/uploads\/2017\/12\/Quatour-Fone\u0300-300x95.png 300w, https:\/\/www.entroterrefestival.it\/wp-content\/uploads\/2017\/12\/Quatour-Fone\u0300-768x244.png 768w, https:\/\/www.entroterrefestival.it\/wp-content\/uploads\/2017\/12\/Quatour-Fone\u0300.png 1395w\" alt=\"\" width=\"1024\" height=\"326\" \/><\/p>\n<\/div>\n<\/div>\n<div class=\"wpb_text_column wpb_content_element \">\n<div class=\"wpb_wrapper\">\n<h3><a class=\"vc_general vc_btn3 vc_btn3-size-md vc_btn3-shape-rounded vc_btn3-style-modern vc_btn3-block vc_btn3-color-mulled-wine\" title=\"\" href=\"http:\/\/www.musicapopolare.net\/smp\/wp-content\/uploads\/2017\/06\/nyckelharpa-Campus-Annette-Osann_2017.pdf\" target=\"_blank\" rel=\"noopener\">\u2013 clicca qui per la Cedola d\u2019Iscrizione<\/a><\/h3>\n<p>La quota di frequenza \u00e8:<\/p>\n<p>Duo euro 500,00 \u2013 Trio euro\u00a0 700 \u2013 Quartetto euro 800,00 \u2013 Singoli\u00a0 strumentisti \u2013 euro 290,00<\/p>\n<p>Auditori\u00a0 euro 80,00<\/p>\n<p>&nbsp;<\/p>\n<h3><\/h3>\n<h3>VIOLONCELLO<\/h3>\n<h3>SUMMER CELLO ACADEMY \u2013 YOUNG CELLO<\/h3>\n<h4>docenti:<a href=\"https:\/\/www.entroterrefestival.it\/2017\/04\/25\/entroterre-giovanni-ricciardi-violoncello\/\">\u00a0Giovanni Ricciardi<\/a>\u00a0\u2013\u00a0<a href=\"https:\/\/www.entroterrefestival.it\/2017\/05\/09\/luigi-pretolani\/\">Luigi Pretolani\u00a0<\/a><\/h4>\n<h5>23 luglio \u2013 29 luglio 2018<\/h5>\n<p>Il corso di violoncello\u00a0vede uniti\u00a0\u00a0<a href=\"https:\/\/www.entroterrefestival.it\/2017\/04\/25\/entroterre-giovanni-ricciardi-violoncello\/\" target=\"_blank\" rel=\"noopener noreferrer\"><strong>Giovanni Ricciardi<\/strong><\/a>\u00a0e\u00a0<a href=\"https:\/\/www.entroterrefestival.it\/2017\/05\/09\/luigi-pretolani\/\">Luigi Pretolani<\/a>\u00a0in una ricerca e direzione comune sulla musica, la tecnica e l\u2019espressivit\u00e0 che proviene dalla necessit\u00e0 di esplorare tutti i campi inerenti e fondamentali quali le difficolt\u00e0 interpretative e virtuosistiche ma anche il controllo delle emozioni, le tensioni muscolari e la preparazione fisica.<\/p>\n<p>E\u2019 possibile frequentare il corso anche come auditori<\/p>\n<p><img loading=\"lazy\" decoding=\"async\" class=\"alignnone size-medium wp-image-3178\" src=\"https:\/\/www.entroterrefestival.it\/wp-content\/uploads\/2018\/01\/Giovanni-Ricciardi-Violoncello-200x300.jpeg\" sizes=\"(max-width: 200px) 100vw, 200px\" srcset=\"https:\/\/www.entroterrefestival.it\/wp-content\/uploads\/2018\/01\/Giovanni-Ricciardi-Violoncello-200x300.jpeg 200w, https:\/\/www.entroterrefestival.it\/wp-content\/uploads\/2018\/01\/Giovanni-Ricciardi-Violoncello.jpeg 533w\" alt=\"\" width=\"200\" height=\"300\" \/><\/p>\n<p><img loading=\"lazy\" decoding=\"async\" class=\"alignnone size-medium wp-image-2442\" src=\"https:\/\/www.entroterrefestival.it\/wp-content\/uploads\/2017\/05\/Luigi-Pretolani-200x300.jpg\" sizes=\"(max-width: 200px) 100vw, 200px\" srcset=\"https:\/\/www.entroterrefestival.it\/wp-content\/uploads\/2017\/05\/Luigi-Pretolani-200x300.jpg 200w, https:\/\/www.entroterrefestival.it\/wp-content\/uploads\/2017\/05\/Luigi-Pretolani-768x1155.jpg 768w, https:\/\/www.entroterrefestival.it\/wp-content\/uploads\/2017\/05\/Luigi-Pretolani-681x1024.jpg 681w, https:\/\/www.entroterrefestival.it\/wp-content\/uploads\/2017\/05\/Luigi-Pretolani.jpg 798w\" alt=\"\" width=\"200\" height=\"300\" \/><\/p>\n<\/div>\n<\/div>\n<div class=\"vc_btn3-container vc_btn3-center\"><a class=\"vc_general vc_btn3 vc_btn3-size-md vc_btn3-shape-rounded vc_btn3-style-modern vc_btn3-block vc_btn3-color-mulled-wine\" title=\"\" href=\"https:\/\/www.entroterrefestival.it\/2017\/05\/04\/cedola-di-iscrizione\/\">costo del corso: \u20ac 270,00 \u2013 Young Cello Academy \u20ac 80 \u2013 clicca qui per compilare la Cedola d\u2019iscrizione<\/a><\/div>\n<div class=\"vc_separator wpb_content_element vc_separator_align_center vc_sep_width_100 vc_sep_pos_align_center vc_separator_no_text vc_sep_color_grey\"><\/div>\n<\/div>\n<\/div>\n<\/div>\n<\/div>\n<\/div>\n<\/div>\n<\/div>\n<\/div>\n<div class=\"vc_row wpb_row vc_row-fluid dt-default\">\n<div class=\"wpb_column vc_column_container vc_col-sm-8\">\n<div class=\"vc_column-inner \">\n<div class=\"wpb_wrapper\">\n<div class=\"wpb_text_column wpb_content_element \">\n<div class=\"wpb_wrapper\">\n<h3>LABORATORIO DI MUSICA IRANIANA<\/h3>\n<h4><a href=\"https:\/\/www.entroterrefestival.it\/2018\/02\/05\/saeed-mirzazadeh\/\">docente: Saeed Mirzazadeh<\/a><\/h4>\n<h5>23 luglio \u2013 27 luglio 2018<\/h5>\n<p>Questo laboratorio verr\u00e0 tenuto in cinque incontri da due ore, uno per ciascun giorno, e contiene entrambi aspetti teorici e pratici della musica classica\/tradizionale iraniana.<\/p>\n<p>Gli argomenti teorici in 1-2 incontri si articolano da concetto della musica modale, intervalli e microtoni, tetracordi e scale, modi\/maqam, il sistema di dastgah, forme, inprovvisazione e strumenti nella musica iraniana.<\/p>\n<p><img loading=\"lazy\" decoding=\"async\" class=\"alignnone wp-image-3252 size-medium\" src=\"https:\/\/www.entroterrefestival.it\/wp-content\/uploads\/2018\/02\/Saeed-foto-2-300x200.jpg\" sizes=\"(max-width: 300px) 100vw, 300px\" srcset=\"https:\/\/www.entroterrefestival.it\/wp-content\/uploads\/2018\/02\/Saeed-foto-2-300x200.jpg 300w, https:\/\/www.entroterrefestival.it\/wp-content\/uploads\/2018\/02\/Saeed-foto-2-768x512.jpg 768w, https:\/\/www.entroterrefestival.it\/wp-content\/uploads\/2018\/02\/Saeed-foto-2-1024x682.jpg 1024w, https:\/\/www.entroterrefestival.it\/wp-content\/uploads\/2018\/02\/Saeed-foto-2.jpg 1280w\" alt=\"\" width=\"300\" height=\"200\" \/><\/p>\n<\/div>\n<\/div>\n<div class=\"vc_btn3-container vc_btn3-center\"><a class=\"vc_general vc_btn3 vc_btn3-size-md vc_btn3-shape-rounded vc_btn3-style-modern vc_btn3-block vc_btn3-color-mulled-wine\" title=\"\" href=\"https:\/\/www.entroterrefestival.it\/2017\/05\/04\/cedola-di-iscrizione\/\">costo del corso \u20ac 80,00 \u2013 clicca qui per compilare la Cedola d\u2019iscrizione<\/a><\/div>\n<div class=\"wpb_text_column wpb_content_element \">\n<div class=\"wpb_wrapper\">\n<div class=\"vc_element vc_vc_row vc_container-block vc_layout_1\" data-tag=\"vc_row\" data-shortcode-controls=\"[&quot;edit&quot;,&quot;clone&quot;,&quot;delete&quot;]\" data-model-id=\"04e7d47e671555cf7679689b04ac56ed\">\n<div class=\"no-controls\"><\/div>\n<\/div>\n<div class=\"vc_element vc_vc_row vc_container-block vc_layout_1\" data-tag=\"vc_row\" data-shortcode-controls=\"[&quot;edit&quot;,&quot;clone&quot;,&quot;delete&quot;]\" data-model-id=\"a309e7d283518ee1334880322ce83011\">\n<div class=\"vc_row wpb_row vc_row-fluid dt-default ui-sortable\">\n<div class=\"vc_element vc_vc_column vc_container-block vc_col-sm-8\" data-tag=\"vc_column\" data-shortcode-controls=\"[&quot;edit&quot;,&quot;clone&quot;,&quot;delete&quot;]\" data-model-id=\"11589a531a96ccd401034facb60adc4f\">\n<div class=\"wpb_column vc_column_container\">\n<div class=\"vc_column-inner \">\n<div class=\"wpb_wrapper vc_element-container ui-sortable\">\n<div class=\"vc_element vc_vc_column_text\" data-tag=\"vc_column_text\" data-shortcode-controls=\"[&quot;edit&quot;,&quot;clone&quot;,&quot;delete&quot;]\" data-model-id=\"e4db94e72f76ce2fbfac43c5d737f3fb\">\n<div class=\"wpb_text_column wpb_content_element \">\n<div class=\"wpb_wrapper\">\n<h3>ORECCHIO ALLA VOCE<\/h3>\n<p>Laboratorio sulla voce e movimento<\/p>\n<p>condotto da Daniela Piccari<\/p>\n<h5>07 agosto \u2013 09 agosto 2018<\/h5>\n<p><img loading=\"lazy\" decoding=\"async\" class=\"alignnone wp-image-3499 size-medium\" src=\"https:\/\/www.entroterrefestival.it\/wp-content\/uploads\/2018\/03\/Daniela-Piccari-300x242.jpg\" sizes=\"(max-width: 300px) 100vw, 300px\" srcset=\"https:\/\/www.entroterrefestival.it\/wp-content\/uploads\/2018\/03\/Daniela-Piccari-300x242.jpg 300w, https:\/\/www.entroterrefestival.it\/wp-content\/uploads\/2018\/03\/Daniela-Piccari-768x618.jpg 768w, https:\/\/www.entroterrefestival.it\/wp-content\/uploads\/2018\/03\/Daniela-Piccari.jpg 800w\" alt=\"\" width=\"300\" height=\"242\" \/><\/p>\n<p>3 Ore al giorno di Laboratorio pomeridiano che lascia liberi, la mattina, di approfittare delle bellezze del territorio (una passeggiata fra i borghi, un bagno al mare \u2026)<\/p>\n<p>Costi del corso<\/p>\n<p>120 \u20ac Con residenza il loco in casa privata condivisa con uso di cucina (max 7 posti)<\/p>\n<p>100\u20ac Solo corso Senza residenza (max 7 posti)<\/p>\n<p><a href=\"mailto:segreteria@romagnamusica.it\">info: segreteria@romagnamusica.it<\/a><\/p>\n<p>&nbsp;<\/p>\n<\/div>\n<\/div>\n<\/div>\n<\/div>\n<\/div>\n<\/div>\n<\/div>\n<\/div>\n<\/div>\n<\/div>\n<\/div>\n<\/div>\n<\/div>\n<\/div>\n<\/div>\n<div class=\"vc_row wpb_row vc_row-fluid dt-default\">\n<div class=\"wpb_column vc_column_container vc_col-sm-8\">\n<div class=\"vc_column-inner \">\n<div class=\"wpb_wrapper\">\n<div class=\"wpb_text_column wpb_content_element \">\n<div class=\"wpb_wrapper\">\n<h3>VIOLINO<\/h3>\n<h4>docente:\u00a0<a href=\"https:\/\/www.entroterrefestival.it\/2017\/07\/06\/lyubov-kuzma\/\">Lyubov Vynokur<\/a><\/h4>\n<h5>2 agosto\u00a0\u2013\u00a09 agosto<\/h5>\n<p><img loading=\"lazy\" decoding=\"async\" class=\"alignnone size-full wp-image-1399\" src=\"https:\/\/www.entroterrefestival.it\/wp-content\/uploads\/2017\/05\/KuzmaQ.jpg\" sizes=\"(max-width: 247px) 100vw, 247px\" srcset=\"https:\/\/www.entroterrefestival.it\/wp-content\/uploads\/2017\/05\/KuzmaQ.jpg 247w, https:\/\/www.entroterrefestival.it\/wp-content\/uploads\/2017\/05\/KuzmaQ-150x150.jpg 150w, https:\/\/www.entroterrefestival.it\/wp-content\/uploads\/2017\/05\/KuzmaQ-120x120.jpg 120w\" alt=\"\" width=\"247\" height=\"247\" \/><\/p>\n<\/div>\n<\/div>\n<div class=\"vc_btn3-container vc_btn3-center\"><a class=\"vc_general vc_btn3 vc_btn3-size-md vc_btn3-shape-rounded vc_btn3-style-modern vc_btn3-block vc_btn3-color-mulled-wine\" title=\"\" href=\"https:\/\/www.entroterrefestival.it\/2017\/05\/04\/cedola-di-iscrizione\/\">costo del corso \u20ac 270,00 \u2013 clicca qui per compilare la Cedola d\u2019iscrizione<\/a><\/div>\n<\/div>\n<\/div>\n<\/div>\n<\/div>\n<div class=\"vc_row wpb_row vc_row-fluid dt-default\">\n<div class=\"wpb_column vc_column_container vc_col-sm-8\">\n<div class=\"vc_column-inner \">\n<div class=\"wpb_wrapper\">\n<div class=\"wpb_text_column wpb_content_element \">\n<div class=\"wpb_wrapper\">\n<h3>VIOLINO<\/h3>\n<h4>docente:\u00a0<a href=\"https:\/\/www.entroterrefestival.it\/2017\/07\/06\/volodymyr-kuzma\/\">Volodymyr\u00a0Kuzma<\/a><\/h4>\n<h5>2 agosto\u00a0\u2013\u00a09 agosto<\/h5>\n<p>&nbsp;<\/p>\n<p><img loading=\"lazy\" decoding=\"async\" class=\"alignnone size-medium wp-image-1734\" src=\"https:\/\/www.entroterrefestival.it\/wp-content\/uploads\/2016\/06\/Volodymir-Kuzma-300x300.jpg\" sizes=\"(max-width: 300px) 100vw, 300px\" srcset=\"https:\/\/www.entroterrefestival.it\/wp-content\/uploads\/2016\/06\/Volodymir-Kuzma-300x300.jpg 300w, https:\/\/www.entroterrefestival.it\/wp-content\/uploads\/2016\/06\/Volodymir-Kuzma-150x150.jpg 150w, https:\/\/www.entroterrefestival.it\/wp-content\/uploads\/2016\/06\/Volodymir-Kuzma-768x769.jpg 768w, https:\/\/www.entroterrefestival.it\/wp-content\/uploads\/2016\/06\/Volodymir-Kuzma-120x120.jpg 120w, https:\/\/www.entroterrefestival.it\/wp-content\/uploads\/2016\/06\/Volodymir-Kuzma.jpg 799w\" alt=\"\" width=\"300\" height=\"300\" \/><\/p>\n<\/div>\n<\/div>\n<div class=\"vc_btn3-container vc_btn3-center\"><a class=\"vc_general vc_btn3 vc_btn3-size-md vc_btn3-shape-rounded vc_btn3-style-modern vc_btn3-block vc_btn3-color-mulled-wine\" title=\"\" href=\"https:\/\/www.entroterrefestival.it\/2017\/05\/04\/cedola-di-iscrizione\/\">costo del corso \u20ac 270,00 \u2013 clicca qui per compilare la Cedola d\u2019iscrizione<\/a><\/div>\n<div class=\"wpb_text_column wpb_content_element \">\n<div class=\"wpb_wrapper\">\n<h3><\/h3>\n<h3>LA RISONANZA BAROCCA<\/h3>\n<p><strong>07 agosto \u2013 13 agosto<\/strong><\/p>\n<p><img loading=\"lazy\" decoding=\"async\" class=\"alignnone size-medium wp-image-2315\" src=\"https:\/\/www.entroterrefestival.it\/wp-content\/uploads\/2017\/07\/La-Risonanza_2017_0041-mod-q-300x300.jpg\" sizes=\"(max-width: 300px) 100vw, 300px\" srcset=\"https:\/\/www.entroterrefestival.it\/wp-content\/uploads\/2017\/07\/La-Risonanza_2017_0041-mod-q-300x300.jpg 300w, https:\/\/www.entroterrefestival.it\/wp-content\/uploads\/2017\/07\/La-Risonanza_2017_0041-mod-q-150x150.jpg 150w, https:\/\/www.entroterrefestival.it\/wp-content\/uploads\/2017\/07\/La-Risonanza_2017_0041-mod-q-768x768.jpg 768w, https:\/\/www.entroterrefestival.it\/wp-content\/uploads\/2017\/07\/La-Risonanza_2017_0041-mod-q-1024x1024.jpg 1024w, https:\/\/www.entroterrefestival.it\/wp-content\/uploads\/2017\/07\/La-Risonanza_2017_0041-mod-q-120x120.jpg 120w, https:\/\/www.entroterrefestival.it\/wp-content\/uploads\/2017\/07\/La-Risonanza_2017_0041-mod-q.jpg 1200w\" alt=\"\" width=\"300\" height=\"300\" \/><\/p>\n<p>&nbsp;<\/p>\n<p><a href=\"https:\/\/www.entroterrefestival.it\/2018\/02\/21\/fabiobonizzoni\/\" target=\"_blank\" rel=\"noopener\"><strong>Fabio Bonizzoni<\/strong><\/a>\u00a0\u2013 harpsichord, chamber music, orchestra<\/p>\n<p><a href=\"https:\/\/www.entroterrefestival.it\/2018\/02\/21\/ryoterakado\/\" target=\"_blank\" rel=\"noopener\"><strong>Ryo Terakado\u00a0<\/strong><\/a>\u2013 baroque violin, chamber music<\/p>\n<p><strong><a href=\"https:\/\/www.entroterrefestival.it\/2018\/02\/21\/annastegmann\/\" target=\"_blank\" rel=\"noopener\">Anna Stegmann<\/a><\/strong>\u00a0\u2013 recorder, chamber music<\/p>\n<p><a href=\"https:\/\/www.entroterrefestival.it\/2018\/02\/21\/joachim-held\/\" target=\"_blank\" rel=\"noopener\"><strong>Joachim Held<\/strong>\u00a0<\/a>\u2013 lute, chamber music<\/p>\n<p><a href=\"https:\/\/www.entroterrefestival.it\/2018\/02\/21\/agnieszka-oszanca\/\"><strong>Agnieszka Osza\u0144ca<\/strong><\/a>\u00a0\u2013 baroque cello, chamber music<\/p>\n<p><a href=\"https:\/\/www.entroterrefestival.it\/2018\/03\/11\/piotr-laski\/\" target=\"_blank\" rel=\"noopener\"><strong>Piotr \u0141aski\u00a0<\/strong><\/a>\u2013 yoga instructor<\/p>\n<p><a href=\"https:\/\/www.entroterrefestival.it\/risonanzabarocca\/\" target=\"_blank\" rel=\"noopener\">Info:\u00a0https:\/\/www.entroterrefestival.it\/risonanzabarocca\/<\/a><\/p>\n<p>&nbsp;<\/p>\n<\/div>\n<\/div>\n<div class=\"vc_row wpb_row vc_row-fluid dt-default\">\n<div class=\"wpb_column vc_column_container vc_col-sm-8\">\n<div class=\"vc_column-inner \">\n<div class=\"wpb_wrapper\">\n<div class=\"wpb_text_column wpb_content_element \">\n<div class=\"wpb_wrapper\">\n<h3>VIOLONCELLO<\/h3>\n<h4>docente:\u00a0<a href=\"https:\/\/www.entroterrefestival.it\/2018\/04\/06\/christinecullen\/\">Cristine Cullen<\/a><\/h4>\n<h5>9 agosto\u00a0\u2013\u00a013 agosto 2018<\/h5>\n<p><img loading=\"lazy\" decoding=\"async\" class=\"alignnone wp-image-3530 size-medium\" src=\"https:\/\/www.entroterrefestival.it\/wp-content\/uploads\/2018\/04\/Christine_che_insegna-300x200.jpg\" sizes=\"(max-width: 300px) 100vw, 300px\" srcset=\"https:\/\/www.entroterrefestival.it\/wp-content\/uploads\/2018\/04\/Christine_che_insegna-300x200.jpg 300w, https:\/\/www.entroterrefestival.it\/wp-content\/uploads\/2018\/04\/Christine_che_insegna-768x512.jpg 768w, https:\/\/www.entroterrefestival.it\/wp-content\/uploads\/2018\/04\/Christine_che_insegna-1024x682.jpg 1024w\" alt=\"\" width=\"300\" height=\"200\" \/><\/p>\n<\/div>\n<\/div>\n<div class=\"vc_btn3-container vc_btn3-center\"><a class=\"vc_general vc_btn3 vc_btn3-size-md vc_btn3-shape-rounded vc_btn3-style-modern vc_btn3-block vc_btn3-color-mulled-wine\" title=\"\" href=\"https:\/\/www.entroterrefestival.it\/2017\/05\/04\/cedola-di-iscrizione\/\">costo del corso \u20ac 200,00 \u2013 clicca qui per compilare la Cedola d\u2019iscrizione<\/a><\/div>\n<\/div>\n<\/div>\n<\/div>\n<\/div>\n<\/div>\n<\/div>\n<\/div>\n<div><\/div>\n<div class=\"wpb_column vc_column_container vc_col-sm-8\">\n<div class=\"vc_column-inner \">\n<div class=\"wpb_wrapper\">\n<div class=\"vc_row wpb_row vc_row-fluid dt-default\">\n<div class=\"wpb_column vc_column_container vc_col-sm-8\">\n<div class=\"vc_column-inner \">\n<div><\/div>\n<\/div>\n<\/div>\n<\/div>\n<div class=\"vc_row wpb_row vc_row-fluid dt-default\">\n<div class=\"wpb_column vc_column_container vc_col-sm-8\">\n<div class=\"vc_column-inner \">\n<div class=\"wpb_wrapper\">\n<div class=\"wpb_text_column wpb_content_element \">\n<div class=\"wpb_wrapper\">\n<h3><\/h3>\n<\/div>\n<\/div>\n<\/div>\n<\/div>\n<\/div>\n<\/div>\n<\/div>\n<\/div>\n<\/div>\n<\/div>\n<div class=\"vc_row wpb_row vc_row-fluid dt-default\">\n<div class=\"wpb_column vc_column_container vc_col-sm-8\">\n<div class=\"vc_column-inner \">\n<div class=\"wpb_wrapper\">\n<div class=\"wpb_text_column wpb_content_element \">\n<div class=\"wpb_wrapper\">\n<div class=\"vc_row wpb_row vc_row-fluid dt-default\">\n<div class=\"wpb_column vc_column_container vc_col-sm-8\">\n<div class=\"vc_column-inner \">\n<div class=\"wpb_wrapper\">\n<div class=\"wpb_text_column wpb_content_element \">\n<div class=\"wpb_wrapper\">\n<h3><\/h3>\n<h3><\/h3>\n<h3><\/h3>\n<h3><\/h3>\n<h3><\/h3>\n<h3 class=\"vc_custom_heading\">Vacanza \u2013 studio per Ensemble Barocco<br \/>\nper voce, violino, violoncello e clavicembalo<\/h3>\n<h4 class=\"vc_custom_heading\">a cura di Alessandro Ciccolini<\/h4>\n<h5>3 agosto\u00a0\u2013\u00a08 agosto 2018<\/h5>\n<p><img loading=\"lazy\" decoding=\"async\" class=\"alignnone wp-image-3537 size-medium\" src=\"https:\/\/www.entroterrefestival.it\/wp-content\/uploads\/2018\/04\/Vivaldi-251x300-251x300.jpg\" alt=\"\" width=\"251\" height=\"300\" \/><\/p>\n<p>&nbsp;<\/p>\n<\/div>\n<\/div>\n<div class=\"vc_btn3-container vc_btn3-center\"><a href=\"https:\/\/www.entroterrefestival.it\/2017\/03\/20\/vacanze-musicali\/\" target=\"_blank\" rel=\"noopener\">Informazioni<\/a><\/div>\n<\/div>\n<\/div>\n<\/div>\n<\/div>\n<div class=\"vc_row wpb_row vc_row-fluid dt-default\">\n<div class=\"wpb_column vc_column_container vc_col-sm-8\">\n<div class=\"vc_column-inner \">\n<div class=\"wpb_wrapper\">\n<div class=\"wpb_text_column wpb_content_element \">\n<div class=\"wpb_wrapper\">\n<h3><\/h3>\n<h4><\/h4>\n<\/div>\n<\/div>\n<\/div>\n<\/div>\n<\/div>\n<\/div>\n<h3><\/h3>\n<h3><\/h3>\n<h3>VIOLINO<\/h3>\n<h4>docente:\u00a0<a href=\"https:\/\/www.entroterrefestival.it\/2017\/07\/06\/chiara-morandi\/\">Chiara Morandi<\/a><\/h4>\n<h5>13 agosto\u00a0\u2013\u00a020 agosto 2018<\/h5>\n<p><img loading=\"lazy\" decoding=\"async\" class=\"alignnone size-medium wp-image-1395\" src=\"https:\/\/www.entroterrefestival.it\/wp-content\/uploads\/2017\/05\/ChiaraMorandi_small-277x300.jpg\" sizes=\"(max-width: 277px) 100vw, 277px\" srcset=\"https:\/\/www.entroterrefestival.it\/wp-content\/uploads\/2017\/05\/ChiaraMorandi_small-277x300.jpg 277w, https:\/\/www.entroterrefestival.it\/wp-content\/uploads\/2017\/05\/ChiaraMorandi_small.jpg 427w\" alt=\"\" width=\"277\" height=\"300\" \/><\/p>\n<\/div>\n<\/div>\n<div class=\"vc_btn3-container vc_btn3-center\"><a class=\"vc_general vc_btn3 vc_btn3-size-md vc_btn3-shape-rounded vc_btn3-style-modern vc_btn3-block vc_btn3-color-mulled-wine\" title=\"\" href=\"https:\/\/www.entroterrefestival.it\/2017\/05\/04\/cedola-di-iscrizione\/\">costo del corso \u20ac 270,00 \u2013 clicca qui per compilare la Cedola d\u2019iscrizione<\/a><\/div>\n<\/div>\n<\/div>\n<\/div>\n<\/div>\n<div class=\"vc_row wpb_row vc_row-fluid dt-default\">\n<div class=\"wpb_column vc_column_container vc_col-sm-8\">\n<div class=\"vc_column-inner \">\n<div class=\"wpb_wrapper\">\n<div class=\"wpb_text_column wpb_content_element \">\n<div class=\"wpb_wrapper\">\n<h3>ARRANGIAMENTO<\/h3>\n<h4>docente:\u00a0<a href=\"https:\/\/www.entroterrefestival.it\/2017\/07\/06\/gianmarco-gualandi\/\">Gian Marco Gualandi<\/a><\/h4>\n<p>I\u00b0periodo: 6 agosto \u2013 8 agosto<br \/>\nallievi effettivi ammessi: nessun limite<\/p>\n<p>II\u00b0periodo: \u00a021 agosto \u2013 22 agosto<br \/>\nallievi effettivi ammessi: 8<\/p>\n<p>non sono previsti allievi uditori<\/p>\n<p><img loading=\"lazy\" decoding=\"async\" class=\"alignnone size-full wp-image-1397\" src=\"https:\/\/www.entroterrefestival.it\/wp-content\/uploads\/2017\/05\/gualandiQ.jpg\" sizes=\"(max-width: 298px) 100vw, 298px\" srcset=\"https:\/\/www.entroterrefestival.it\/wp-content\/uploads\/2017\/05\/gualandiQ.jpg 298w, https:\/\/www.entroterrefestival.it\/wp-content\/uploads\/2017\/05\/gualandiQ-150x150.jpg 150w, https:\/\/www.entroterrefestival.it\/wp-content\/uploads\/2017\/05\/gualandiQ-120x120.jpg 120w\" alt=\"\" width=\"298\" height=\"298\" \/><\/p>\n<\/div>\n<\/div>\n<div class=\"vc_btn3-container vc_btn3-center\"><a class=\"vc_general vc_btn3 vc_btn3-size-lg vc_btn3-shape-rounded vc_btn3-style-modern vc_btn3-block vc_btn3-icon-left vc_btn3-color-mulled-wine\" title=\"\" href=\"https:\/\/www.entroterrefestival.it\/2017\/07\/09\/corso-di-arrangiamento-mgualandi\/\" target=\"_blank\" rel=\"noopener\">\u00a0Maggiori informazioni<\/a><\/div>\n<div class=\"vc_btn3-container vc_btn3-center\"><a class=\"vc_general vc_btn3 vc_btn3-size-md vc_btn3-shape-rounded vc_btn3-style-modern vc_btn3-block vc_btn3-color-mulled-wine\" title=\"\" href=\"https:\/\/www.entroterrefestival.it\/2017\/05\/04\/cedola-di-iscrizione\/\">costo del corso \u20ac 220,00 (solo primo periodo \u20ac 150,00 \u2013 solo secondo periodo \u20ac 120,00) \u2013 clicca qui per compilare la Cedola d\u2019iscrizione<\/a><\/div>\n<\/div>\n<\/div>\n<\/div>\n<\/div>\n<div><\/div>\n<div><\/div>\n<div><\/div>\n<div><\/div>\n<div><\/div>\n<div class=\"vc_row wpb_row vc_row-fluid dt-default\">\n<div class=\"wpb_column vc_column_container vc_col-sm-8\">\n<div class=\"vc_column-inner \">\n<div class=\"wpb_wrapper\">\n<div class=\"wpb_text_column wpb_content_element \">\n<div class=\"wpb_wrapper\">\n<h3>SUMMER FLUTE ACADEMY \u2013 YOUNG FLUTE<\/h3>\n<h4>docenti: Michele Marasco, Fabio Angelo Colajanni, Beatrice Petrocchi<\/h4>\n<p><strong>pianoforte<\/strong>:\u00a0<a href=\"https:\/\/www.entroterrefestival.it\/2018\/06\/23\/martacencini\/\" target=\"_blank\" rel=\"noopener\">Marta Cencini<\/a><\/p>\n<ul>\n<li>Michele Marasco 2\/7 agosto<\/li>\n<\/ul>\n<h5>4\u00a0agosto\u00a0\u2013 9\u00a0agosto<\/h5>\n<p><img loading=\"lazy\" decoding=\"async\" class=\"size-medium wp-image-2359\" src=\"https:\/\/www.entroterrefestival.it\/wp-content\/uploads\/2016\/06\/IMG_20170810_154723-300x211.jpg\" sizes=\"(max-width: 300px) 100vw, 300px\" srcset=\"https:\/\/www.entroterrefestival.it\/wp-content\/uploads\/2016\/06\/IMG_20170810_154723-300x211.jpg 300w, https:\/\/www.entroterrefestival.it\/wp-content\/uploads\/2016\/06\/IMG_20170810_154723-768x541.jpg 768w, https:\/\/www.entroterrefestival.it\/wp-content\/uploads\/2016\/06\/IMG_20170810_154723-1024x721.jpg 1024w\" alt=\"\" width=\"300\" height=\"211\" \/><\/p>\n<\/div>\n<\/div>\n<div class=\"vc_btn3-container vc_btn3-center\"><a class=\"vc_general vc_btn3 vc_btn3-size-md vc_btn3-shape-rounded vc_btn3-style-modern vc_btn3-block vc_btn3-color-mulled-wine\" title=\"\" href=\"https:\/\/www.entroterrefestival.it\/2017\/05\/04\/cedola-di-iscrizione\/\">costo del corso \u20ac 240,00 (Young Flute Academy \u20ac 60,00) \u2013 clicca qui per compilare la Cedola d\u2019iscrizione<\/a><\/div>\n<\/div>\n<\/div>\n<\/div>\n<\/div>\n<div><\/div>\n<div><\/div>\n<div class=\"vc_row wpb_row vc_row-fluid dt-default\">\n<div class=\"wpb_column vc_column_container vc_col-sm-8\">\n<div class=\"vc_column-inner \">\n<div class=\"wpb_wrapper\">\n<div class=\"wpb_text_column wpb_content_element \">\n<div class=\"wpb_wrapper\">\n<h3>LIUTO, TORBA E BASSO CONTINUO PER STRUMENTI A PIZZICO<\/h3>\n<h4>docente: Francesca Torelli<\/h4>\n<h5>16 agosto\u00a0\u2013 19 agosto 2018<\/h5>\n<p><img loading=\"lazy\" decoding=\"async\" class=\"alignnone size-medium wp-image-1401\" src=\"https:\/\/www.entroterrefestival.it\/wp-content\/uploads\/2017\/05\/TorelliQ-300x300.jpg\" sizes=\"(max-width: 300px) 100vw, 300px\" srcset=\"https:\/\/www.entroterrefestival.it\/wp-content\/uploads\/2017\/05\/TorelliQ-300x300.jpg 300w, https:\/\/www.entroterrefestival.it\/wp-content\/uploads\/2017\/05\/TorelliQ-150x150.jpg 150w, https:\/\/www.entroterrefestival.it\/wp-content\/uploads\/2017\/05\/TorelliQ-768x768.jpg 768w, https:\/\/www.entroterrefestival.it\/wp-content\/uploads\/2017\/05\/TorelliQ-120x120.jpg 120w, https:\/\/www.entroterrefestival.it\/wp-content\/uploads\/2017\/05\/TorelliQ.jpg 900w\" alt=\"\" width=\"300\" height=\"300\" \/><\/p>\n<\/div>\n<\/div>\n<div class=\"vc_btn3-container vc_btn3-center\"><a class=\"vc_general vc_btn3 vc_btn3-size-md vc_btn3-shape-rounded vc_btn3-style-modern vc_btn3-block vc_btn3-color-mulled-wine\" title=\"\" href=\"https:\/\/www.entroterrefestival.it\/2017\/05\/04\/cedola-di-iscrizione\/\">costo del corso \u20ac 220,00 \u2013 clicca qui per compilare la Cedola d\u2019iscrizione<\/a><\/div>\n<\/div>\n<\/div>\n<\/div>\n<\/div>\n<div class=\"vc_row wpb_row vc_row-fluid dt-default\">\n<div class=\"wpb_column vc_column_container vc_col-sm-8\">\n<div class=\"vc_column-inner \">\n<div class=\"wpb_wrapper\">\n<div class=\"wpb_text_column wpb_content_element \">\n<div class=\"wpb_wrapper\">\n<h3>TROMBA NATURALE E TROMBE STORICHE<\/h3>\n<h4>docente: Giuseppe Frau<\/h4>\n<h5>16 agosto\u00a0\u2013 19 agosto 2018<\/h5>\n<p><img loading=\"lazy\" decoding=\"async\" class=\"alignnone size-medium wp-image-2465\" src=\"https:\/\/www.entroterrefestival.it\/wp-content\/uploads\/2017\/11\/giuseppe-frau1-300x224.jpg\" sizes=\"(max-width: 300px) 100vw, 300px\" srcset=\"https:\/\/www.entroterrefestival.it\/wp-content\/uploads\/2017\/11\/giuseppe-frau1-300x224.jpg 300w, https:\/\/www.entroterrefestival.it\/wp-content\/uploads\/2017\/11\/giuseppe-frau1.jpg 607w\" alt=\"\" width=\"300\" height=\"224\" \/><\/p>\n<\/div>\n<\/div>\n<div class=\"vc_btn3-container vc_btn3-center\"><a class=\"vc_general vc_btn3 vc_btn3-size-md vc_btn3-shape-rounded vc_btn3-style-modern vc_btn3-block vc_btn3-color-mulled-wine\" title=\"\" href=\"https:\/\/www.entroterrefestival.it\/2017\/05\/04\/cedola-di-iscrizione\/\">costo del corso \u20ac 220,00 \u2013 clicca qui per compilare la Cedola d\u2019iscrizione<\/a><\/div>\n<\/div>\n<\/div>\n<\/div>\n<\/div>\n<div class=\"vc_row wpb_row vc_row-fluid dt-default\">\n<div class=\"wpb_column vc_column_container vc_col-sm-8\">\n<div class=\"vc_column-inner \">\n<div class=\"wpb_wrapper\">\n<h2 class=\"vc_custom_heading\"><a href=\"http:\/\/www.summermasterclasses.eu\/index.html\" target=\" _blank\">Early Music Summer Master Classes<br \/>\n16\/19 agosto 2018<\/a><\/h2>\n<h4 class=\"vc_custom_heading\">DOCENTI:<br \/>\nMarco Ambrosini: Nyckelharpa<br \/>\nMichael Posch: Recorder<br \/>\nLorenz Duftschmid: Viola da Gamba<br \/>\nMaria Luisa Baldassari: Clavicembalo<\/h4>\n<div class=\"wpb_single_image wpb_content_element vc_align_left\">\n<figure class=\"wpb_wrapper vc_figure\">\n<div class=\"vc_single_image-wrapper vc_box_border_grey\"><img loading=\"lazy\" decoding=\"async\" class=\"vc_single_image-img attachment-medium\" src=\"https:\/\/www.entroterrefestival.it\/wp-content\/uploads\/2016\/06\/Follia-300x300.jpg\" sizes=\"(max-width: 300px) 100vw, 300px\" srcset=\"https:\/\/www.entroterrefestival.it\/wp-content\/uploads\/2016\/06\/Follia-300x300.jpg 300w, https:\/\/www.entroterrefestival.it\/wp-content\/uploads\/2016\/06\/Follia-150x150.jpg 150w, https:\/\/www.entroterrefestival.it\/wp-content\/uploads\/2016\/06\/Follia-120x120.jpg 120w, https:\/\/www.entroterrefestival.it\/wp-content\/uploads\/2016\/06\/Follia.jpg 566w\" alt=\"\" width=\"300\" height=\"300\" data-dt-location=\"https:\/\/www.entroterrefestival.it\/corsi-di-alto-perfezionamento-musicale-concerti-eventi\/follia\/\" \/><\/div>\n<\/figure>\n<\/div>\n<div class=\"vc_btn3-container vc_btn3-center\"><a class=\"vc_general vc_btn3 vc_btn3-size-md vc_btn3-shape-rounded vc_btn3-style-modern vc_btn3-block vc_btn3-color-mulled-wine\" title=\"\" href=\"https:\/\/www.entroterrefestival.it\/2017\/05\/04\/cedola-di-iscrizione\/\">costo del corso \u20ac160,00 \u2013 auditori \u20ac 80,00 clicca qui per compilare la Cedola d\u2019iscrizione<\/a><\/div>\n<\/div>\n<\/div>\n<\/div>\n<\/div>\n<div class=\"vc_row wpb_row vc_row-fluid dt-default\">\n<div class=\"wpb_column vc_column_container vc_col-sm-8\">\n<div class=\"vc_column-inner \">\n<div class=\"wpb_wrapper\">\n<div class=\"wpb_text_column wpb_content_element \">\n<div class=\"wpb_wrapper\">\n<h3>ARPA<\/h3>\n<h4>docente:\u00a0<a href=\"https:\/\/www.entroterrefestival.it\/2018\/04\/06\/cristianapasserini\/\" target=\"_blank\" rel=\"noopener\">Cristiana Passerini<\/a><\/h4>\n<h5>18 agosto\u00a0\u2013 22 agosto 2018<\/h5>\n<p>Il corso esplora la messa in atto di tecniche diverse su scritture diverse, per giungere alla comprensione strutturale e retorica di una partitura.<\/p>\n<p>&nbsp;<\/p>\n<p>Due i versanti di operativit\u00e0 didattica:<\/p>\n<p>&nbsp;<\/p>\n<ol>\n<li>la tecnica:<\/li>\n<\/ol>\n<ul>\n<li>posizioni della mano, modificabili a seconda del tipo di scrittura<\/li>\n<li>scelta delle diteggiature, funzionali al linguaggio e al fraseggio<\/li>\n<li>svariate funzioni della mano sinistra per la pulizia armonica<\/li>\n<li>consapevolezza della gestualit\u00e0 attivata e dell\u2019uso dei pedali<\/li>\n<\/ul>\n<p>&nbsp;<\/p>\n<ol start=\"2\">\n<li>la partitura:<\/li>\n<\/ol>\n<ul>\n<li>analisi del brano dal punto di vista storico e formale<\/li>\n<li>lettura all\u2019arpa<\/li>\n<li>scelta di eventuali suoni omofoni e delle diteggiature adeguate<\/li>\n<li>pedalizzazione<\/li>\n<li>dinamiche, agogica, retorica<\/li>\n<li>metodi di studio<\/li>\n<\/ul>\n<p><img loading=\"lazy\" decoding=\"async\" class=\"alignnone wp-image-3514 size-medium\" src=\"https:\/\/www.entroterrefestival.it\/wp-content\/uploads\/2018\/04\/Cristiana-Passerini-300x300.jpg\" sizes=\"(max-width: 300px) 100vw, 300px\" srcset=\"https:\/\/www.entroterrefestival.it\/wp-content\/uploads\/2018\/04\/Cristiana-Passerini-300x300.jpg 300w, https:\/\/www.entroterrefestival.it\/wp-content\/uploads\/2018\/04\/Cristiana-Passerini-150x150.jpg 150w, https:\/\/www.entroterrefestival.it\/wp-content\/uploads\/2018\/04\/Cristiana-Passerini-768x768.jpg 768w, https:\/\/www.entroterrefestival.it\/wp-content\/uploads\/2018\/04\/Cristiana-Passerini-120x120.jpg 120w, https:\/\/www.entroterrefestival.it\/wp-content\/uploads\/2018\/04\/Cristiana-Passerini.jpg 946w\" alt=\"\" width=\"300\" height=\"300\" \/><\/p>\n<\/div>\n<\/div>\n<div class=\"vc_btn3-container vc_btn3-center\"><a class=\"vc_general vc_btn3 vc_btn3-size-md vc_btn3-shape-rounded vc_btn3-style-modern vc_btn3-block vc_btn3-color-mulled-wine\" title=\"\" href=\"http:\/\/www.musicapopolare.net\/smp\/wp-content\/uploads\/2017\/06\/nyckelharpa-Campus-Annette-Osann_2017.pdf\" target=\"_blank\" rel=\"noopener\">Costo del corso \u20ac 200,00 \u2013 clicca qui per la Cedola d\u2019Iscrizione<\/a><\/div>\n<\/div>\n<\/div>\n<\/div>\n<\/div>\n<div class=\"vc_row wpb_row vc_row-fluid dt-default\">\n<div class=\"wpb_column vc_column_container vc_col-sm-8\">\n<div class=\"vc_column-inner \">\n<div class=\"wpb_wrapper\">\n<div class=\"wpb_text_column wpb_content_element \">\n<div class=\"wpb_wrapper\">\n<h3>NYCKELHARPA CAMP<\/h3>\n<h4>docente:\u00a0<a href=\"http:\/\/www.annetteosann.fr\/english.html\" target=\"_blank\" rel=\"noopener\">Annette Osann<\/a><\/h4>\n<h5>16 agosto\u00a0\u2013 19 agosto 2018<\/h5>\n<p>Quest\u2019estate i Corsi Estivi di alto perfezionamento di Bertinoro vi propongono un corso di specializzazione nella musica antica con Annette Osann, adatto a studenti di livello medio.<\/p>\n<p>Il corso si terr\u00e0 dal 16 al 29 agosto a Bertinoro e sar\u00e0 un corso parallelo alla Early Music Master Class di Marco Ambrosini.<\/p>\n<p>Il repertorio sar\u00e0 definito in accordo con il docente della Masterclass<\/p>\n<p><img loading=\"lazy\" decoding=\"async\" class=\"alignnone size-medium wp-image-1697\" src=\"https:\/\/www.entroterrefestival.it\/wp-content\/uploads\/2016\/06\/CORSO-ANEETTE-BANNER-300x240.jpg\" sizes=\"(max-width: 300px) 100vw, 300px\" srcset=\"https:\/\/www.entroterrefestival.it\/wp-content\/uploads\/2016\/06\/CORSO-ANEETTE-BANNER-300x240.jpg 300w, https:\/\/www.entroterrefestival.it\/wp-content\/uploads\/2016\/06\/CORSO-ANEETTE-BANNER-768x615.jpg 768w, https:\/\/www.entroterrefestival.it\/wp-content\/uploads\/2016\/06\/CORSO-ANEETTE-BANNER-1024x819.jpg 1024w\" alt=\"\" width=\"300\" height=\"240\" \/><\/p>\n<\/div>\n<\/div>\n<div class=\"vc_btn3-container vc_btn3-center\"><a class=\"vc_general vc_btn3 vc_btn3-size-md vc_btn3-shape-rounded vc_btn3-style-modern vc_btn3-block vc_btn3-color-mulled-wine\" title=\"\" href=\"http:\/\/www.musicapopolare.net\/smp\/wp-content\/uploads\/2017\/06\/nyckelharpa-Campus-Annette-Osann_2017.pdf\" target=\"_blank\" rel=\"noopener\">Costo del corso \u20ac 100,00 uditori \u20ac 80,00 \u2013 clicca qui per la Cedola d\u2019Iscrizione<\/a><\/div>\n<div class=\"wpb_text_column wpb_content_element \">\n<div class=\"wpb_wrapper\">\n<h3>CANTO E INTERPRETAZIONE VOCALE<\/h3>\n<h4><a href=\"https:\/\/www.entroterrefestival.it\/2018\/02\/01\/lauracatrani\/\">docente: Laura Catrani<\/a><\/h4>\n<h5>19 agosto\u00a0\u2013 23 agosto 2018<\/h5>\n<div>Corso di canto e interpretazione vocale<\/div>\n<div><\/div>\n<div>Sono ammessi al corso i cantanti che vogliano approfondire questioni tecniche vocali e di interpretazione di arie d\u2019opera e musica vocale da camera. Speciale attenzione verr\u00e0 posta al lavoro sul corpo del cantante, pensato come strumento intero e integrato alla finalit\u00e0 della fonazione.<\/div>\n<div>Le lezioni saranno dunque una collettiva ad inizio giornata seguita da lezioni singole a cui possono assistere tutti gli iscritti al corso.<\/div>\n<div><\/div>\n<p><img loading=\"lazy\" decoding=\"async\" class=\"alignnone wp-image-3228 size-medium\" src=\"https:\/\/www.entroterrefestival.it\/wp-content\/uploads\/2018\/02\/Laura-Catrani4-Photo-Chico-De-Luigi-300x200.jpg\" sizes=\"(max-width: 300px) 100vw, 300px\" srcset=\"https:\/\/www.entroterrefestival.it\/wp-content\/uploads\/2018\/02\/Laura-Catrani4-Photo-Chico-De-Luigi-300x200.jpg 300w, https:\/\/www.entroterrefestival.it\/wp-content\/uploads\/2018\/02\/Laura-Catrani4-Photo-Chico-De-Luigi-768x512.jpg 768w, https:\/\/www.entroterrefestival.it\/wp-content\/uploads\/2018\/02\/Laura-Catrani4-Photo-Chico-De-Luigi-1024x683.jpg 1024w\" alt=\"\" width=\"300\" height=\"200\" \/><\/p>\n<\/div>\n<\/div>\n<div class=\"vc_btn3-container vc_btn3-center\"><a class=\"vc_general vc_btn3 vc_btn3-size-md vc_btn3-shape-rounded vc_btn3-style-modern vc_btn3-block vc_btn3-color-mulled-wine\" title=\"\" href=\"http:\/\/www.musicapopolare.net\/smp\/wp-content\/uploads\/2017\/06\/nyckelharpa-Campus-Annette-Osann_2017.pdf\" target=\"_blank\" rel=\"noopener\">Costo del corso \u20ac 200,00 \u2013 clicca qui per la Cedola d\u2019Iscrizione<\/a><\/div>\n<\/div>\n<\/div>\n<\/div>\n<\/div>\n<div class=\"vc_row wpb_row vc_row-fluid dt-default\">\n<div class=\"wpb_column vc_column_container vc_col-sm-12\">\n<div class=\"vc_column-inner \">\n<div class=\"wpb_wrapper\">\n<div class=\"vc_tta-container\" data-vc-action=\"collapse\">\n<div class=\"vc_general vc_tta vc_tta-tabs vc_tta-color-grey vc_tta-style-classic vc_tta-shape-rounded vc_tta-spacing-1 vc_tta-tabs-position-left vc_tta-controls-align-left \">\n<div class=\"vc_tta-tabs-container\"><\/div>\n<\/div>\n<\/div>\n<\/div>\n<\/div>\n<\/div>\n<\/div>\n<\/div>\n<\/div>\n<div class=\"vc_tta-container\" data-vc-action=\"collapse\">\n<div class=\"vc_general vc_tta vc_tta-tabs vc_tta-color-grey vc_tta-style-classic vc_tta-shape-rounded vc_tta-spacing-1 vc_tta-tabs-position-left vc_tta-controls-align-left \">\n<div class=\"vc_tta-tabs-container\">\n<ul class=\"vc_tta-tabs-list\">\n<li class=\"vc_tta-tab vc_active\" data-vc-tab=\"\"><a href=\"https:\/\/www.entroterrefestival.it\/corsi-di-alto-perfezionamento-musicale-concerti-eventi\/#1498466459824-13599e1e-a730\" data-vc-tabs=\"\" data-vc-container=\".vc_tta\"><span class=\"vc_tta-title-text\">Come arrivare<\/span><\/a><\/li>\n<li class=\"vc_tta-tab\" data-vc-tab=\"\"><a href=\"https:\/\/www.entroterrefestival.it\/corsi-di-alto-perfezionamento-musicale-concerti-eventi\/#1493925889817-e8a47b7c-a024\" data-vc-tabs=\"\" data-vc-container=\".vc_tta\"><span class=\"vc_tta-title-text\">Come Iscriversi<\/span><\/a><\/li>\n<li class=\"vc_tta-tab\" data-vc-tab=\"\"><a href=\"https:\/\/www.entroterrefestival.it\/corsi-di-alto-perfezionamento-musicale-concerti-eventi\/#1493925890018-baf867fc-8990\" data-vc-tabs=\"\" data-vc-container=\".vc_tta\"><span class=\"vc_tta-title-text\">Alloggiare a Bertinoro<\/span><\/a><\/li>\n<\/ul>\n<\/div>\n<div class=\"vc_tta-panels-container\">\n<div class=\"vc_tta-panels\">\n<div id=\"1498466459824-13599e1e-a730\" class=\"vc_tta-panel vc_active\" data-vc-content=\".vc_tta-panel-body\">\n<div class=\"vc_tta-panel-body\">\n<div class=\"wpb_text_column wpb_content_element \">\n<div class=\"wpb_wrapper\">\n<p>Bertinoro si trova a met\u00e0 strada tra Forl\u00ec e Cesena, a 5 Km da Forlimpopoli, lato monte rispetto alla statale n. 9 Via Emilia.<\/p>\n<h3>Autostrada:<\/h3>\n<p>Uscire al casello di Forl\u00ec (per chi viene da nord); o di Cesena Nord (per chi viene da sud). Seguire quindi le indicazioni per la SS.9 Via Emilia, raggiungere Forlimpopoli e da qui seguire le indicazioni per Bertinoro. Una volta giunti a Bertinoro, seguire le indicazioni per il Centro Residenziale Universitario (la rocca in cima al paese)<\/p>\n<h3>Ferrovia:<\/h3>\n<p>Linea Bologna \u2013 Rimini. Utilizzando treni ad alta velocit\u00e0 scendere a Forl\u00ec o a Cesena, Alcuni treni regionali fermano anche a Forlimpopoli.<\/p>\n<h3>Autobus pubblici:<\/h3>\n<p>Dalle stazioni ferroviarie di Forl\u00ec e di Cesena sono attivati numerosi collegamenti quotidiani per Forlimpopoli (linea 92). Da l\u00ec proseguire poi con il collegamento navetta per Bertinoro (linee 134 o 121). Per gli orari aggiornati fare riferimento al sito www.startromagna.it oppure chiamare il call-center al numero 199.11.55.77.<\/p>\n<p>NOTA: Il giorno di Ferragosto i trasporti pubblici effettuano un servizio molto limitato. Informarsi col call-center.<br \/>\nTaxi<br \/>\nDalla stazione ferroviaria di Forl\u00ec \u00e8 possibile anche prendere un taxi ( 0543.31.111 ). Il costo del viaggio, convenzionato col Centro Residenziale Universitario, \u00e8 di \u20ac 25,00 in orario diurno feriale e di \u20ac 30,00 in orario notturno o festivo.<br \/>\nPer i taxi da Cesena, chiamare il numero 0547 610710<\/p>\n<\/div>\n<\/div>\n<\/div>\n<\/div>\n<div id=\"1493925889817-e8a47b7c-a024\" class=\"vc_tta-panel\" data-vc-content=\".vc_tta-panel-body\"><\/div>\n<div id=\"1493925890018-baf867fc-8990\" class=\"vc_tta-panel\" data-vc-content=\".vc_tta-panel-body\"><\/div>\n<\/div>\n<\/div>\n<\/div>\n<\/div>\n<div class=\"wpb_text_column wpb_content_element \">\n<div class=\"wpb_wrapper\">\n<p>info@bertinoromusica.it\u00a0 Tel. 0543 444309 Fax 0543 444651<\/p>\n<p>Direzione Artistica M\u00b0 Giovanni Ricciardi\u00a0 direzioneartistica@romagnamusica.it<\/p>\n<\/div>\n<\/div>\n<\/div>\n<\/div>\n<\/div>\n<\/div>\n<div class=\"vc_row wpb_row vc_row-fluid dt-default\">\n<div class=\"wpb_column vc_column_container vc_col-sm-12\">\n<div class=\"vc_column-inner \">\n<div class=\"wpb_wrapper\">\n<div class=\"vc_btn3-container vc_btn3-center\"><a class=\"vc_general vc_btn3 vc_btn3-size-md vc_btn3-shape-rounded vc_btn3-style-modern vc_btn3-block vc_btn3-icon-left vc_btn3-color-mulled-wine\" title=\"\" href=\"https:\/\/www.entroterrefestival.it\/2017\/05\/04\/cedola-di-iscrizione\/\"><i class=\"vc_btn3-icon fa fa-wpforms\"><\/i>\u00a0Cedola di Iscrizione<\/a><\/div>\n<\/div>\n<\/div>\n<\/div>\n<\/div>\n<div class=\"vc_row wpb_row vc_row-fluid dt-default\"><\/div>\n<\/div>\n<\/div>\n<p>[\/vc_column_text][vc_single_image image=&#8221;1235&#8243; img_size=&#8221;full&#8221; alignment=&#8221;center&#8221;][\/vc_column][\/vc_row]<\/p>\n","protected":false},"excerpt":{"rendered":"<p>[vc_row][vc_column][vc_column_text] I corsi estivi di alto perfezionamento, fiore all\u2019 occhiello dell\u2019 eccellenza italiana dal 1992, sono strettamente collegati al Festival Entroterre, cuore artistico pulsante dell\u2019 Emilia Romagna, realt\u00e0 che riunisce la bellezza del territorio, il recupero storico, la tradizione musicale e la diffusione della cultura per le persone. Tenuti da alcuni dei migliori professionisti a&hellip;<\/p>\n","protected":false},"author":2,"featured_media":0,"comment_status":"closed","ping_status":"closed","sticky":false,"template":"","format":"standard","meta":{"footnotes":""},"categories":[34,11],"tags":[],"yoast_head":"<!-- This site is optimized with the Yoast SEO Premium plugin v15.8.2 - https:\/\/yoast.com\/wordpress\/plugins\/seo\/ -->\n<title>Corsi Estivi di Alto Perfezionamento 2018 - Italian Cello Consort<\/title>\n<meta name=\"description\" content=\"Senza musica la vita sarebbe un errore (Friedrich Nietzsche) - Italian Cello Consort APS \u00a9 2017 - info@italiancelloconsort.org - C.F. 95194890109\" \/>\n<meta name=\"robots\" content=\"index, follow, max-snippet:-1, max-image-preview:large, max-video-preview:-1\" \/>\n<link rel=\"canonical\" href=\"https:\/\/italiancelloconsort.org\/en\/corsi-estivi-di-alto-perfezionamento-2018\/\" \/>\n<meta property=\"og:locale\" content=\"en_US\" \/>\n<meta property=\"og:type\" content=\"article\" \/>\n<meta property=\"og:title\" content=\"Corsi Estivi di Alto Perfezionamento 2018 - Italian Cello Consort\" \/>\n<meta property=\"og:description\" content=\"Senza musica la vita sarebbe un errore (Friedrich Nietzsche) - Italian Cello Consort APS \u00a9 2017 - info@italiancelloconsort.org - C.F. 95194890109\" \/>\n<meta property=\"og:url\" content=\"https:\/\/italiancelloconsort.org\/corsi-estivi-di-alto-perfezionamento-2018\/\" \/>\n<meta property=\"og:site_name\" content=\"Italian Cello Consort\" \/>\n<meta property=\"article:publisher\" content=\"https:\/\/www.facebook.com\/groups\/italiancelloconsort\/\" \/>\n<meta property=\"article:published_time\" content=\"2018-06-29T12:49:50+00:00\" \/>\n<meta property=\"article:modified_time\" content=\"2018-06-29T12:53:34+00:00\" \/>\n<meta property=\"og:image\" content=\"https:\/\/www.entroterrefestival.it\/wp-content\/uploads\/2018\/01\/Damerini26-300x199.jpg\" \/>\n<meta name=\"twitter:card\" content=\"summary\" \/>\n<meta name=\"twitter:creator\" content=\"@CelloConsort\" \/>\n<meta name=\"twitter:site\" content=\"@CelloConsort\" \/>\n<meta name=\"twitter:label1\" content=\"Est. reading time\">\n\t<meta name=\"twitter:data1\" content=\"9 minutes\">\n<script type=\"application\/ld+json\" class=\"yoast-schema-graph\">{\"@context\":\"https:\/\/schema.org\",\"@graph\":[{\"@type\":\"Organization\",\"@id\":\"https:\/\/italiancelloconsort.org\/#organization\",\"name\":\"Italian Cello Consort\",\"url\":\"https:\/\/italiancelloconsort.org\/\",\"sameAs\":[\"https:\/\/www.facebook.com\/groups\/italiancelloconsort\/\",\"https:\/\/www.instagram.com\/italiancelloconsort\/\",\"https:\/\/www.youtube.com\/user\/cellospring\",\"https:\/\/twitter.com\/CelloConsort\"],\"logo\":{\"@type\":\"ImageObject\",\"@id\":\"https:\/\/italiancelloconsort.org\/#logo\",\"inLanguage\":\"en-US\",\"url\":\"https:\/\/italiancelloconsort.org\/wp-content\/uploads\/2019\/09\/ITALIAN_CELLO_LOGO_B.jpg\",\"width\":3751,\"height\":2262,\"caption\":\"Italian Cello Consort\"},\"image\":{\"@id\":\"https:\/\/italiancelloconsort.org\/#logo\"}},{\"@type\":\"WebSite\",\"@id\":\"https:\/\/italiancelloconsort.org\/#website\",\"url\":\"https:\/\/italiancelloconsort.org\/\",\"name\":\"Italian Cello Consort\",\"description\":\"101 Violoncelli\",\"publisher\":{\"@id\":\"https:\/\/italiancelloconsort.org\/#organization\"},\"potentialAction\":[{\"@type\":\"SearchAction\",\"target\":\"https:\/\/italiancelloconsort.org\/?s={search_term_string}\",\"query-input\":\"required name=search_term_string\"}],\"inLanguage\":\"en-US\"},{\"@type\":\"ImageObject\",\"@id\":\"https:\/\/italiancelloconsort.org\/corsi-estivi-di-alto-perfezionamento-2018\/#primaryimage\",\"inLanguage\":\"en-US\",\"url\":\"https:\/\/www.entroterrefestival.it\/wp-content\/uploads\/2018\/01\/Damerini26-300x199.jpg\"},{\"@type\":\"WebPage\",\"@id\":\"https:\/\/italiancelloconsort.org\/corsi-estivi-di-alto-perfezionamento-2018\/#webpage\",\"url\":\"https:\/\/italiancelloconsort.org\/corsi-estivi-di-alto-perfezionamento-2018\/\",\"name\":\"Corsi Estivi di Alto Perfezionamento 2018 - Italian Cello Consort\",\"isPartOf\":{\"@id\":\"https:\/\/italiancelloconsort.org\/#website\"},\"primaryImageOfPage\":{\"@id\":\"https:\/\/italiancelloconsort.org\/corsi-estivi-di-alto-perfezionamento-2018\/#primaryimage\"},\"datePublished\":\"2018-06-29T12:49:50+00:00\",\"dateModified\":\"2018-06-29T12:53:34+00:00\",\"description\":\"Senza musica la vita sarebbe un errore (Friedrich Nietzsche) - Italian Cello Consort APS \\u00a9 2017 - info@italiancelloconsort.org - C.F. 95194890109\",\"breadcrumb\":{\"@id\":\"https:\/\/italiancelloconsort.org\/corsi-estivi-di-alto-perfezionamento-2018\/#breadcrumb\"},\"inLanguage\":\"en-US\",\"potentialAction\":[{\"@type\":\"ReadAction\",\"target\":[\"https:\/\/italiancelloconsort.org\/corsi-estivi-di-alto-perfezionamento-2018\/\"]}]},{\"@type\":\"BreadcrumbList\",\"@id\":\"https:\/\/italiancelloconsort.org\/corsi-estivi-di-alto-perfezionamento-2018\/#breadcrumb\",\"itemListElement\":[{\"@type\":\"ListItem\",\"position\":1,\"item\":{\"@type\":\"WebPage\",\"@id\":\"https:\/\/italiancelloconsort.org\/en\/home\/\",\"url\":\"https:\/\/italiancelloconsort.org\/en\/home\/\",\"name\":\"Home\"}},{\"@type\":\"ListItem\",\"position\":2,\"item\":{\"@type\":\"WebPage\",\"@id\":\"https:\/\/italiancelloconsort.org\/corsi-estivi-di-alto-perfezionamento-2018\/\",\"url\":\"https:\/\/italiancelloconsort.org\/corsi-estivi-di-alto-perfezionamento-2018\/\",\"name\":\"Corsi Estivi di Alto Perfezionamento 2018\"}}]},{\"@type\":\"Article\",\"@id\":\"https:\/\/italiancelloconsort.org\/corsi-estivi-di-alto-perfezionamento-2018\/#article\",\"isPartOf\":{\"@id\":\"https:\/\/italiancelloconsort.org\/corsi-estivi-di-alto-perfezionamento-2018\/#webpage\"},\"author\":{\"@id\":\"https:\/\/italiancelloconsort.org\/#\/schema\/person\/9816ba8a236c7ce580d08c3a2e5177e9\"},\"headline\":\"Corsi Estivi di Alto Perfezionamento 2018\",\"datePublished\":\"2018-06-29T12:49:50+00:00\",\"dateModified\":\"2018-06-29T12:53:34+00:00\",\"mainEntityOfPage\":{\"@id\":\"https:\/\/italiancelloconsort.org\/corsi-estivi-di-alto-perfezionamento-2018\/#webpage\"},\"publisher\":{\"@id\":\"https:\/\/italiancelloconsort.org\/#organization\"},\"image\":{\"@id\":\"https:\/\/italiancelloconsort.org\/corsi-estivi-di-alto-perfezionamento-2018\/#primaryimage\"},\"articleSection\":\"News,News\",\"inLanguage\":\"en-US\"},{\"@type\":\"Person\",\"@id\":\"https:\/\/italiancelloconsort.org\/#\/schema\/person\/9816ba8a236c7ce580d08c3a2e5177e9\",\"name\":\"Giovanni Ricciardi\",\"image\":{\"@type\":\"ImageObject\",\"@id\":\"https:\/\/italiancelloconsort.org\/#personlogo\",\"inLanguage\":\"en-US\",\"url\":\"https:\/\/secure.gravatar.com\/avatar\/b4fa7f307f21eb666c9d3d6a9ca554a4?s=96&d=mm&r=g\",\"caption\":\"Giovanni Ricciardi\"}}]}<\/script>\n<!-- \/ Yoast SEO Premium plugin. -->","_links":{"self":[{"href":"https:\/\/italiancelloconsort.org\/en\/wp-json\/wp\/v2\/posts\/1252"}],"collection":[{"href":"https:\/\/italiancelloconsort.org\/en\/wp-json\/wp\/v2\/posts"}],"about":[{"href":"https:\/\/italiancelloconsort.org\/en\/wp-json\/wp\/v2\/types\/post"}],"author":[{"embeddable":true,"href":"https:\/\/italiancelloconsort.org\/en\/wp-json\/wp\/v2\/users\/2"}],"replies":[{"embeddable":true,"href":"https:\/\/italiancelloconsort.org\/en\/wp-json\/wp\/v2\/comments?post=1252"}],"version-history":[{"count":0,"href":"https:\/\/italiancelloconsort.org\/en\/wp-json\/wp\/v2\/posts\/1252\/revisions"}],"wp:attachment":[{"href":"https:\/\/italiancelloconsort.org\/en\/wp-json\/wp\/v2\/media?parent=1252"}],"wp:term":[{"taxonomy":"category","embeddable":true,"href":"https:\/\/italiancelloconsort.org\/en\/wp-json\/wp\/v2\/categories?post=1252"},{"taxonomy":"post_tag","embeddable":true,"href":"https:\/\/italiancelloconsort.org\/en\/wp-json\/wp\/v2\/tags?post=1252"}],"curies":[{"name":"wp","href":"https:\/\/api.w.org\/{rel}","templated":true}]}}